{"id":2012,"date":"2023-08-19T14:08:24","date_gmt":"2023-08-19T17:08:24","guid":{"rendered":"https:\/\/impulsionarcarreiras.com.br\/?p=2012"},"modified":"2023-09-11T15:36:40","modified_gmt":"2023-09-11T18:36:40","slug":"concurso-da-policia-rodoviaria-federal-em-breve","status":"publish","type":"post","link":"https:\/\/impulsionarcarreiras.com.br\/index.php\/2023\/08\/19\/concurso-da-policia-rodoviaria-federal-em-breve\/","title":{"rendered":"Vagas solicitadas &#8211; concurso da Pol\u00edcia Rodovi\u00e1ria Federal possivelmente em breve!"},"content":{"rendered":"\t\t<div data-elementor-type=\"wp-post\" data-elementor-id=\"2012\" class=\"elementor elementor-2012\">\n\t\t\t\t<div class=\"elementor-element elementor-element-3c3a7b4c e-flex e-con-boxed e-con e-parent\" data-id=\"3c3a7b4c\" data-element_type=\"container\">\n\t\t\t\t\t<div class=\"e-con-inner\">\n\t\t\t\t<div class=\"elementor-element elementor-element-1e4f2814 elementor-widget elementor-widget-heading\" data-id=\"1e4f2814\" data-element_type=\"widget\" data-widget_type=\"heading.default\">\n\t\t\t\t<div class=\"elementor-widget-container\">\n\t\t\t\t\t<h2 class=\"elementor-heading-title elementor-size-default\">Concurso da Pol\u00edcia Rodovi\u00e1ria Federal - PRF<\/h2>\t\t\t\t<\/div>\n\t\t\t\t<\/div>\n\t\t\t\t\t<\/div>\n\t\t\t\t<\/div>\n\t\t\t\t<section class=\"penci-section penci-disSticky penci-structure-10 elementor-section elementor-top-section elementor-element elementor-element-6a88db41 elementor-section-boxed elementor-section-height-default elementor-section-height-default\" data-id=\"6a88db41\" data-element_type=\"section\">\n\t\t\t\t\t\t<div class=\"elementor-container elementor-column-gap-default\">\n\t\t\t\t\t<div class=\"penci-ercol-100 penci-ercol-order-1 penci-sticky-ct    elementor-column elementor-col-100 elementor-top-column elementor-element elementor-element-3f9a4b2\" data-id=\"3f9a4b2\" data-element_type=\"column\">\n\t\t\t<div class=\"elementor-widget-wrap elementor-element-populated\">\n\t\t\t\t\t\t<div class=\"elementor-element elementor-element-bc8f605 elementor-widget elementor-widget-text-editor\" data-id=\"bc8f605\" data-element_type=\"widget\" data-widget_type=\"text-editor.default\">\n\t\t\t\t<div class=\"elementor-widget-container\">\n\t\t\t\t\t\t\t\t\t<p>A Pol\u00edcia Rodovi\u00e1ria Federal solicitou autoriza\u00e7\u00e3o de concurso p\u00fablico com objetivo de repor o quadro de Policiais Rodovi\u00e1rios Federais e de Agentes Administrativos (<strong>concurso PRF<\/strong>).<\/p><p>A acessoria da PRF confirmou a informa\u00e7\u00e3o para diversos ve\u00edculos de imprensa.<\/p><p>A informa\u00e7\u00e3o \u00e9 que foram solicitadas 5.121 vagas, das quais 4.902 seriam destinadas \u00e0 carreira de Policial Rodovi\u00e1rio Federal, enquanto 219 vagas seriam para o quadro de Agentes Administrativos.<\/p><p>A expectativa \u00e9 de os novos Policiais Rodovi\u00e1rios sejam tomem posse ao longo de diversas turmas de forma\u00e7\u00e3o nos pr\u00f3ximos anos. J\u00e1 no caso dos Agentes Administrativos, o objetivo da institui\u00e7\u00e3o \u00e9 o preenchimento dos atuais cargos vagos at\u00e9 o come\u00e7o do ano de 2024, caso a autoriza\u00e7\u00e3o seja mesmo confirmada a tempo.<\/p>\t\t\t\t\t\t\t\t<\/div>\n\t\t\t\t<\/div>\n\t\t\t\t<div class=\"elementor-element elementor-element-4369011 elementor-widget elementor-widget-image\" data-id=\"4369011\" data-element_type=\"widget\" data-widget_type=\"image.default\">\n\t\t\t\t<div class=\"elementor-widget-container\">\n\t\t\t\t\t\t\t\t\t\t\t\t\t\t\t<img fetchpriority=\"high\" decoding=\"async\" width=\"1024\" height=\"498\" src=\"https:\/\/impulsionarcarreiras.com.br\/wp-content\/uploads\/2023\/08\/prf-car-1024x498.jpg\" class=\"attachment-large size-large wp-image-2023\" alt=\"ediatal para concurso prf\" srcset=\"https:\/\/impulsionarcarreiras.com.br\/wp-content\/uploads\/2023\/08\/prf-car-1024x498.jpg 1024w, https:\/\/impulsionarcarreiras.com.br\/wp-content\/uploads\/2023\/08\/prf-car-300x146.jpg 300w, https:\/\/impulsionarcarreiras.com.br\/wp-content\/uploads\/2023\/08\/prf-car-768x373.jpg 768w, https:\/\/impulsionarcarreiras.com.br\/wp-content\/uploads\/2023\/08\/prf-car-585x284.jpg 585w, https:\/\/impulsionarcarreiras.com.br\/wp-content\/uploads\/2023\/08\/prf-car.jpg 1152w\" sizes=\"(max-width: 1024px) 100vw, 1024px\" \/>\t\t\t\t\t\t\t\t\t\t\t\t\t\t\t<\/div>\n\t\t\t\t<\/div>\n\t\t\t\t<div class=\"elementor-element elementor-element-6d545c41 elementor-widget elementor-widget-heading\" data-id=\"6d545c41\" data-element_type=\"widget\" data-widget_type=\"heading.default\">\n\t\t\t\t<div class=\"elementor-widget-container\">\n\t\t\t\t\t<h4 class=\"elementor-heading-title elementor-size-default\">A nota da acessoria de imprensa da PRF ve\u00edculada na imprensa foi a seguinte:<\/h4>\t\t\t\t<\/div>\n\t\t\t\t<\/div>\n\t\t\t\t\t<\/div>\n\t\t<\/div>\n\t\t\t\t\t<\/div>\n\t\t<\/section>\n\t\t<div class=\"elementor-element elementor-element-76e8d1bb e-flex e-con-boxed e-con e-parent\" data-id=\"76e8d1bb\" data-element_type=\"container\">\n\t\t\t\t\t<div class=\"e-con-inner\">\n\t\t\t\t<div class=\"elementor-element elementor-element-7c15765 elementor-widget elementor-widget-text-editor\" data-id=\"7c15765\" data-element_type=\"widget\" data-widget_type=\"text-editor.default\">\n\t\t\t\t<div class=\"elementor-widget-container\">\n\t\t\t\t\t\t\t\t\t<p>&#8220;Quanto \u00e0s informa\u00e7\u00f5es que circulam na internet a respeito da solicita\u00e7\u00e3o da realiza\u00e7\u00e3o de novos concursos p\u00fablicos, a Pol\u00edcia Rodovi\u00e1ria Federal esclarece que:<\/p><p>\u2013 Houve solicita\u00e7\u00e3o ao Minist\u00e9rio da Justi\u00e7a de novos concursos para os cargos de Policial Rodovi\u00e1rio Federal e de Agente Administrativo;<\/p><p>\u2013 N\u00e3o h\u00e1 previs\u00e3o de publica\u00e7\u00e3o e\/ou de data estabelecida para a divulga\u00e7\u00e3o de novo edital;<\/p><p>\u2013 N\u00e3o h\u00e1 vagas imediatas;<\/p><p>\u2013 Caso os novos concursos sejam autorizados, as vagas para o cargo de Policial Rodovi\u00e1rio Federal ser\u00e3o de n\u00edvel superior e as de Agente Administrativo ser\u00e3o de n\u00edvel m\u00e9dio.<\/p><p>A Pol\u00edcia Rodovi\u00e1ria Federal destaca que o Concurso PRF 2021, regido pelo Edital Concurso PRF N\u00ba 1, de 18 de janeiro de 2021, encontra-se homologado e dentro do prazo de validade.<\/p><p>O Edital do Concurso PRF 2021 n\u00ba 55, de 20 de dezembro de 2021, publicado no DOU de 21\/12\/2021, tornou p\u00fablico o resultado final do curso de forma\u00e7\u00e3o policial, do resultado final do concurso p\u00fablico e homologa\u00e7\u00e3o do concurso p\u00fablico, iniciando, assim, a contagem do prazo de validade do concurso, previsto para 2 anos, prorrog\u00e1vel por igual per\u00edodo, sendo seu termo final em 21\/12\/2023.&#8221;<\/p>\t\t\t\t\t\t\t\t<\/div>\n\t\t\t\t<\/div>\n\t\t\t\t<div class=\"elementor-element elementor-element-27ff7b1f elementor-widget elementor-widget-image\" data-id=\"27ff7b1f\" data-element_type=\"widget\" data-widget_type=\"image.default\">\n\t\t\t\t<div class=\"elementor-widget-container\">\n\t\t\t\t\t\t\t\t\t\t\t\t\t\t\t<img decoding=\"async\" width=\"768\" height=\"510\" src=\"https:\/\/impulsionarcarreiras.com.br\/wp-content\/uploads\/2023\/08\/prf3-1-768x510.jpg\" class=\"attachment-medium_large size-medium_large wp-image-2015\" alt=\"\" srcset=\"https:\/\/impulsionarcarreiras.com.br\/wp-content\/uploads\/2023\/08\/prf3-1-768x510.jpg 768w, https:\/\/impulsionarcarreiras.com.br\/wp-content\/uploads\/2023\/08\/prf3-1-300x199.jpg 300w, https:\/\/impulsionarcarreiras.com.br\/wp-content\/uploads\/2023\/08\/prf3-1-1024x680.jpg 1024w, https:\/\/impulsionarcarreiras.com.br\/wp-content\/uploads\/2023\/08\/prf3-1-1536x1020.jpg 1536w, https:\/\/impulsionarcarreiras.com.br\/wp-content\/uploads\/2023\/08\/prf3-1-2048x1360.jpg 2048w, https:\/\/impulsionarcarreiras.com.br\/wp-content\/uploads\/2023\/08\/prf3-1-1920x1275.jpg 1920w, https:\/\/impulsionarcarreiras.com.br\/wp-content\/uploads\/2023\/08\/prf3-1-1170x777.jpg 1170w, https:\/\/impulsionarcarreiras.com.br\/wp-content\/uploads\/2023\/08\/prf3-1-585x389.jpg 585w, https:\/\/impulsionarcarreiras.com.br\/wp-content\/uploads\/2023\/08\/prf3-1-263x175.jpg 263w\" sizes=\"(max-width: 768px) 100vw, 768px\" \/>\t\t\t\t\t\t\t\t\t\t\t\t\t\t\t<\/div>\n\t\t\t\t<\/div>\n\t\t\t\t\t<\/div>\n\t\t\t\t<\/div>\n\t\t\t\t<section class=\"penci-section penci-disSticky penci-structure-10 elementor-section elementor-top-section elementor-element elementor-element-22818ade elementor-section-boxed elementor-section-height-default elementor-section-height-default\" data-id=\"22818ade\" data-element_type=\"section\">\n\t\t\t\t\t\t<div class=\"elementor-container elementor-column-gap-extended\">\n\t\t\t\t\t<div class=\"penci-ercol-100 penci-ercol-order-1 penci-sticky-ct  penci-dmcheck penci-elbg-activate  elementor-column elementor-col-100 elementor-top-column elementor-element elementor-element-35ec1253\" data-id=\"35ec1253\" data-element_type=\"column\" data-settings=\"{&quot;background_background&quot;:&quot;classic&quot;}\">\n\t\t\t<div class=\"elementor-widget-wrap elementor-element-populated\">\n\t\t\t\t\t\t<div class=\"elementor-element elementor-element-79acbe8d elementor-widget elementor-widget-penci-info-box\" data-id=\"79acbe8d\" data-element_type=\"widget\" data-widget_type=\"penci-info-box.default\">\n\t\t\t\t<div class=\"elementor-widget-container\">\n\t\t\t\t\t        <div id=\"penci_info_box_84593\" class=\"penci-block-vc penci-info-box penci-ibox-float-left penci-view-stacked penci-shape-circle\">\r\n            <div class=\"penci-ibox-inner penci-animation-grow\">\r\n\t\t\t\t\t\t\t\t<div class=\"penci-ibox-icon penci-ibox-icon--icon penci-icon penci-tibox-icon\"><a class=\"penci-ibox-icon-fa-fix\" href=\"https:\/\/impulsionarcarreiras.com.br\/index.php\/2023\/08\/12\/o-que-faz-o-policial-rodoviario-federal\/\" target=\"_blank\"><\/a><a class=\"penci-ibox-icon-fa\" href=\"https:\/\/impulsionarcarreiras.com.br\/index.php\/2023\/08\/12\/o-que-faz-o-policial-rodoviario-federal\/\" target=\"_blank\"><i class=\"penci-ibox-icon--i fa fa-arrow-right\" aria-hidden=\"true\"><\/i><\/a><\/div>                <div class=\"penci-ibox-content-wrap\">\r\n\t\t\t\t\t\t\t\t\t\t<h3\r\n                            class=\"penci-ibox-title\">Leia tamb\u00e9m - \"Carreira - Policial Rodovi\u00e1rio Federal\"<\/h3>\t\t\t\t\t\t\t\t\t\t                        <div class=\"penci-ibox-content\"><p>Conhe\u00e7a em detalhes a carreira do Policial Rodovi\u00e1rio Federal<\/p>\n<\/div>\t\t\t\t\t                <\/div>\r\n            <\/div>\r\n        <\/div>\r\n\t\t\t\t\t\t<\/div>\n\t\t\t\t<\/div>\n\t\t\t\t\t<\/div>\n\t\t<\/div>\n\t\t\t\t\t<\/div>\n\t\t<\/section>\n\t\t<div class=\"elementor-element elementor-element-7eecedc3 e-flex e-con-boxed e-con e-parent\" data-id=\"7eecedc3\" data-element_type=\"container\">\n\t\t\t\t\t<div class=\"e-con-inner\">\n\t\t\t\t<div class=\"elementor-element elementor-element-386a12c7 elementor-widget elementor-widget-heading\" data-id=\"386a12c7\" data-element_type=\"widget\" data-widget_type=\"heading.default\">\n\t\t\t\t<div class=\"elementor-widget-container\">\n\t\t\t\t\t<h3 class=\"elementor-heading-title elementor-size-default\">Concurso da Pol\u00edcia Rodovi\u00e1ria Federal - Sal\u00e1rio (subs\u00eddio) e requisitos<\/h3>\t\t\t\t<\/div>\n\t\t\t\t<\/div>\n\t\t\t\t\t<\/div>\n\t\t\t\t<\/div>\n\t\t<div class=\"elementor-element elementor-element-75bae883 e-flex e-con-boxed e-con e-parent\" data-id=\"75bae883\" data-element_type=\"container\">\n\t\t\t\t\t<div class=\"e-con-inner\">\n\t\t\t\t<div class=\"elementor-element elementor-element-20ac1ad9 elementor-widget elementor-widget-text-editor\" data-id=\"20ac1ad9\" data-element_type=\"widget\" data-widget_type=\"text-editor.default\">\n\t\t\t\t<div class=\"elementor-widget-container\">\n\t\t\t\t\t\t\t\t\t<p>O sal\u00e1rio inicial para o cargo de Policial Rodovi\u00e1rio Federal, considerando uma jornada semanal de 40 horas, atualmente \u00e9 de <strong> R$ 10.790,87, <\/strong>no entanto h\u00e1 uma solicita\u00e7\u00e3o de recomposi\u00e7\u00e3o salarial escalonada que pode elevar o sal\u00e1rio para <strong>R$ 18.544,41 em 2025<\/strong>.<\/p><p>No caso do cargo de Agente Administrativo, o sal\u00e1rio inicial, caso a solicita\u00e7\u00e3o seja aprovada, ser\u00e1 de <strong>R$ 4.951,28<\/strong>, al\u00e9m de benef\u00edcios, tais como:<\/p><ul><li>Aux\u00edlio alimenta\u00e7\u00e3o: R$ 658,00;<\/li><li>Assist\u00eancia \u00e0 sa\u00fade: R$ 145,00 (para cada dependente);<\/li><li>Aux\u00edlio transporte: R$ 470,00.<\/li><\/ul><p>Dessa forma, o ganho real do aprovado poder\u00e1 chegar a <strong>R$ 6.224,28, <\/strong>em jornada semanal de 40 horas.<\/p><p>Para disputar uma das futuras vagas no cargo de\u00a0<strong>Policial Rodovi\u00e1rio Federal<\/strong>, \u00e9 necess\u00e1rio ter gradua\u00e7\u00e3o em qualquer \u00e1rea de forma\u00e7\u00e3o, contando que o diploma tenha sido emitido por institui\u00e7\u00e3o reconhecida pelo MEC.<\/p><p>Para disputar uma vaga parao cargo de <strong>Agente Administrativo<\/strong> \u00e9 necess\u00e1rio ter apenas o ensino m\u00e9dio completo.<\/p>\t\t\t\t\t\t\t\t<\/div>\n\t\t\t\t<\/div>\n\t\t\t\t\t<\/div>\n\t\t\t\t<\/div>\n\t\t<div class=\"elementor-element elementor-element-3a3f9894 e-flex e-con-boxed e-con e-parent\" data-id=\"3a3f9894\" data-element_type=\"container\">\n\t\t\t\t\t<div class=\"e-con-inner\">\n\t\t\t\t<div class=\"elementor-element elementor-element-64ded823 elementor-widget elementor-widget-heading\" data-id=\"64ded823\" data-element_type=\"widget\" data-widget_type=\"heading.default\">\n\t\t\t\t<div class=\"elementor-widget-container\">\n\t\t\t\t\t<h3 class=\"elementor-heading-title elementor-size-default\">\u00daltimo concurso da Pol\u00edcia Rodovi\u00e1ria Federal<\/h3>\t\t\t\t<\/div>\n\t\t\t\t<\/div>\n\t\t\t\t\t<\/div>\n\t\t\t\t<\/div>\n\t\t<div class=\"elementor-element elementor-element-6a120417 e-flex e-con-boxed e-con e-parent\" data-id=\"6a120417\" data-element_type=\"container\">\n\t\t\t\t\t<div class=\"e-con-inner\">\n\t\t\t\t<div class=\"elementor-element elementor-element-9a33b13 elementor-widget elementor-widget-text-editor\" data-id=\"9a33b13\" data-element_type=\"widget\" data-widget_type=\"text-editor.default\">\n\t\t\t\t<div class=\"elementor-widget-container\">\n\t\t\t\t\t\t\t\t\t<p>No link abaixo voc\u00ea pode verificar as informa\u00e7\u00f5es e mat\u00e9rias cobradas no edital do \u00faltimo concurso (2021)<\/p><p><a href=\"https:\/\/cdn.cebraspe.org.br\/concursos\/PRF_21\/arquivos\/ED_1_PRF_2021_ABERTURA.PDF\">Clique aqui<\/a> para ler o \u00faltimo edital<\/p><p>A Banca do \u00faltimo concurso foi a <a href=\"https:\/\/www.cebraspe.org.br\/concursos\/prf_21\">Cebraspe<\/a><\/p>\t\t\t\t\t\t\t\t<\/div>\n\t\t\t\t<\/div>\n\t\t\t\t<div class=\"elementor-element elementor-element-6a26561a elementor-widget elementor-widget-heading\" data-id=\"6a26561a\" data-element_type=\"widget\" data-widget_type=\"heading.default\">\n\t\t\t\t<div class=\"elementor-widget-container\">\n\t\t\t\t\t<h2 class=\"elementor-heading-title elementor-size-default\">Etapas do concurso da Pol\u00edcia Rodovi\u00e1ria Federal<\/h2>\t\t\t\t<\/div>\n\t\t\t\t<\/div>\n\t\t\t\t<div class=\"elementor-element elementor-element-488e8131 elementor-widget elementor-widget-text-editor\" data-id=\"488e8131\" data-element_type=\"widget\" data-widget_type=\"text-editor.default\">\n\t\t\t\t<div class=\"elementor-widget-container\">\n\t\t\t\t\t\t\t\t\t<h5>AGENTE ADMINISTRATIVO<\/h5><ul><li>Provas objetivas, de car\u00e1ter eliminat\u00f3rio e classificat\u00f3rio; e<\/li><li>Investiga\u00e7\u00e3o social e\/ou funcional, de car\u00e1ter eliminat\u00f3rio.<\/li><\/ul><h5>POLICIAL RODOVI\u00c1RIO FEDERAL<\/h5><ul><li>Prova objetiva e prova discursiva, de car\u00e1ter eliminat\u00f3rio e classificat\u00f3rio;<\/li><li>Exame de aptid\u00e3o f\u00edsica, de car\u00e1ter eliminat\u00f3rio;<\/li><li>Avalia\u00e7\u00e3o psicol\u00f3gica, de car\u00e1ter eliminat\u00f3rio;<\/li><li>Apresenta\u00e7\u00e3o de documentos, de car\u00e1ter eliminat\u00f3rio;<\/li><li>Avalia\u00e7\u00e3o de sa\u00fade, de car\u00e1ter eliminat\u00f3rio; e<\/li><li>Curso de Forma\u00e7\u00e3o Policial (CFP), de car\u00e1ter eliminat\u00f3rio e classificat\u00f3rio.<\/li><\/ul>\t\t\t\t\t\t\t\t<\/div>\n\t\t\t\t<\/div>\n\t\t\t\t<div class=\"elementor-element elementor-element-1736faa elementor-widget elementor-widget-image\" data-id=\"1736faa\" data-element_type=\"widget\" data-widget_type=\"image.default\">\n\t\t\t\t<div class=\"elementor-widget-container\">\n\t\t\t\t\t\t\t\t\t\t\t\t\t\t\t<img decoding=\"async\" width=\"1024\" height=\"682\" src=\"https:\/\/impulsionarcarreiras.com.br\/wp-content\/uploads\/2023\/08\/rodovia-prf-1024x682.jpg\" class=\"attachment-large size-large wp-image-2019\" alt=\"\" srcset=\"https:\/\/impulsionarcarreiras.com.br\/wp-content\/uploads\/2023\/08\/rodovia-prf-1024x682.jpg 1024w, https:\/\/impulsionarcarreiras.com.br\/wp-content\/uploads\/2023\/08\/rodovia-prf-300x200.jpg 300w, https:\/\/impulsionarcarreiras.com.br\/wp-content\/uploads\/2023\/08\/rodovia-prf-768x512.jpg 768w, https:\/\/impulsionarcarreiras.com.br\/wp-content\/uploads\/2023\/08\/rodovia-prf-1170x780.jpg 1170w, https:\/\/impulsionarcarreiras.com.br\/wp-content\/uploads\/2023\/08\/rodovia-prf-585x390.jpg 585w, https:\/\/impulsionarcarreiras.com.br\/wp-content\/uploads\/2023\/08\/rodovia-prf-263x175.jpg 263w, https:\/\/impulsionarcarreiras.com.br\/wp-content\/uploads\/2023\/08\/rodovia-prf.jpg 1280w\" sizes=\"(max-width: 1024px) 100vw, 1024px\" \/>\t\t\t\t\t\t\t\t\t\t\t\t\t\t\t<\/div>\n\t\t\t\t<\/div>\n\t\t\t\t<div class=\"elementor-element elementor-element-bf864f0 elementor-widget elementor-widget-heading\" data-id=\"bf864f0\" data-element_type=\"widget\" data-widget_type=\"heading.default\">\n\t\t\t\t<div class=\"elementor-widget-container\">\n\t\t\t\t\t<h2 class=\"elementor-heading-title elementor-size-default\">Dicas para come\u00e7ar a se preparar<\/h2>\t\t\t\t<\/div>\n\t\t\t\t<\/div>\n\t\t\t\t<div class=\"elementor-element elementor-element-284018c elementor-widget elementor-widget-text-editor\" data-id=\"284018c\" data-element_type=\"widget\" data-widget_type=\"text-editor.default\">\n\t\t\t\t<div class=\"elementor-widget-container\">\n\t\t\t\t\t\t\t\t\t<p>Tendo como base os \u00faltimos oncursos realizados \u00e9 prov\u00e1vel que os editais mantenham a base das mat\u00e9rias cobradas. Dessa forma, um bom caminho \u00e9 iniciar a prepara\u00e7\u00e3o pelas disciplinas listadas abaixo e, ap\u00f3s a abertura do edital, verificar se existe alguma novidade para complementar os estudos.<\/p><h5>AGENTE ADMINISTRATIVO<\/h5><ul><li>L\u00edngua Portuguesa<\/li><li>\u00c9tica e Conduta P\u00fablica<\/li><li>No\u00e7\u00f5es de Inform\u00e1tica<\/li><li>Legisla\u00e7\u00e3o relativa \u00e0 PRF<\/li><li>No\u00e7\u00f5es de\u00a0Matem\u00e1tica<\/li><li>No\u00e7\u00f5es de Direito Constitucional<\/li><li>No\u00e7\u00f5es de Direito Administrativo<\/li><li>No\u00e7\u00f5es de Estat\u00edstica.<\/li><\/ul><h5>POLICIAL RODOVI\u00c1RIO FEDERAL<\/h5><ul><li>L\u00edngua Portuguesa;<\/li><li>Racioc\u00ednio L\u00f3gico-Matem\u00e1tico;<\/li><li>Inform\u00e1tica<\/li><li>F\u00edsica<\/li><li>\u00c9tica e Cidadania<\/li><li>Geopol\u00edtica<\/li><li>L\u00edngua Estrangeira \u2013\u00a0Ingl\u00eas ou Espanhol<\/li><li>Legisla\u00e7\u00e3o de Tr\u00e2nsito<\/li><li>Direito Administrativo<\/li><li>Direito Constitucional<\/li><li>Direito Penal<\/li><li>Direito Processual Penal<\/li><li>Legisla\u00e7\u00e3o Especial<\/li><li>Direitos Humanos.<\/li><\/ul>\t\t\t\t\t\t\t\t<\/div>\n\t\t\t\t<\/div>\n\t\t\t\t\t<\/div>\n\t\t\t\t<\/div>\n\t\t<div class=\"elementor-element elementor-element-22a87808 e-flex e-con-boxed e-con e-parent\" data-id=\"22a87808\" data-element_type=\"container\">\n\t\t\t\t\t<div class=\"e-con-inner\">\n\t\t\t\t<div class=\"elementor-element elementor-element-412bfb11 elementor-widget elementor-widget-penci-single-related-posts\" data-id=\"412bfb11\" data-element_type=\"widget\" data-widget_type=\"penci-single-related-posts.default\">\n\t\t\t\t<div class=\"elementor-widget-container\">\n\t\t\t\t\t        <div class=\"penci-border-arrow penci-homepage-title penci-home-latest-posts style-2 pcalign-left pciconp-right pcicon-right block-title-icon-left\">\n            <h3 class=\"inner-arrow\">\n\t\t\t\t<span>Voc\u00ea tamb\u00e9m pode gostar<\/a>            <\/h3>\n        <\/div>\n\t\t<div class=\"post-related\">\r\n\t\t    <div class=\"penci-owl-carousel penci-owl-carousel-slider penci-related-carousel\"\r\n         data-lazy=\"true\" data-item=\"3\" data-desktop=\"3\" data-tablet=\"2\" data-tabsmall=\"2\"\r\n         data-auto=\"false\"\r\n         data-speed=\"300\" data-dots=\"true\" data-nav=\"false\">\r\n\t\t\t\t\t                <div class=\"item-related\">\r\n\t\t\t\t\t\t                \t\t\t\t\t                    <a class=\"related-thumb penci-image-holder penci-lazy\"\r\n                       data-bgset=\"https:\/\/impulsionarcarreiras.com.br\/wp-content\/uploads\/2025\/09\/joelho-ondas-de-choque.jpg\"\r\n                       href=\"https:\/\/impulsionarcarreiras.com.br\/index.php\/2025\/09\/09\/terapia-de-ondas-de-choque\/\" title=\"Terapia de Ondas de Choque no tratamento de les\u00f5es musculoesquel\u00e9ticas\">\r\n\t\t\t\t\t\t\t\t\t\t\t\t\t                        <\/a>\r\n\t\t\t\t\t\t                        <h3>\r\n                            <a href=\"https:\/\/impulsionarcarreiras.com.br\/index.php\/2025\/09\/09\/terapia-de-ondas-de-choque\/\">Terapia de Ondas de Choque no tratamento de...<\/a>\r\n                        <\/h3>\r\n\t\t\t\t\t\t                <\/div>\r\n\t\t\t                <div class=\"item-related\">\r\n\t\t\t\t\t\t                \t\t\t\t\t                    <a class=\"related-thumb penci-image-holder penci-lazy\"\r\n                       data-bgset=\"https:\/\/impulsionarcarreiras.com.br\/wp-content\/uploads\/2023\/10\/growth1.jpg\"\r\n                       href=\"https:\/\/impulsionarcarreiras.com.br\/index.php\/2023\/10\/03\/estrategias-crescimento-profissional\/\" title=\"Quais estrat\u00e9gias voc\u00ea tem adotado para o seu crescimento profissional?\">\r\n\t\t\t\t\t\t\t\t\t\t\t\t\t                        <\/a>\r\n\t\t\t\t\t\t                        <h3>\r\n                            <a href=\"https:\/\/impulsionarcarreiras.com.br\/index.php\/2023\/10\/03\/estrategias-crescimento-profissional\/\">Quais estrat\u00e9gias voc\u00ea tem adotado para o seu...<\/a>\r\n                        <\/h3>\r\n\t\t\t\t\t\t                <\/div>\r\n\t\t\t                <div class=\"item-related\">\r\n\t\t\t\t\t\t                \t\t\t\t\t                    <a class=\"related-thumb penci-image-holder penci-lazy\"\r\n                       data-bgset=\"https:\/\/impulsionarcarreiras.com.br\/wp-content\/uploads\/2023\/09\/Concurso-nacional-unificado-585x390.jpg\"\r\n                       href=\"https:\/\/impulsionarcarreiras.com.br\/index.php\/2023\/09\/30\/concurso-nacional-unificado\/\" title=\"Concurso Nacional Unificado \u00e9 anunciado pelo governo\">\r\n\t\t\t\t\t\t\t\t\t\t\t\t\t                        <\/a>\r\n\t\t\t\t\t\t                        <h3>\r\n                            <a href=\"https:\/\/impulsionarcarreiras.com.br\/index.php\/2023\/09\/30\/concurso-nacional-unificado\/\">Concurso Nacional Unificado \u00e9 anunciado pelo governo<\/a>\r\n                        <\/h3>\r\n\t\t\t\t\t\t                <\/div>\r\n\t\t\t                <div class=\"item-related\">\r\n\t\t\t\t\t\t                \t\t\t\t\t                    <a class=\"related-thumb penci-image-holder penci-lazy\"\r\n                       data-bgset=\"https:\/\/impulsionarcarreiras.com.br\/wp-content\/uploads\/2023\/09\/adaptar2-585x390.jpg\"\r\n                       href=\"https:\/\/impulsionarcarreiras.com.br\/index.php\/2023\/09\/26\/mudancas-no-trabalho\/\" title=\"Como se adaptar a mudan\u00e7as no trabalho\">\r\n\t\t\t\t\t\t\t\t\t\t\t\t\t                        <\/a>\r\n\t\t\t\t\t\t                        <h3>\r\n                            <a href=\"https:\/\/impulsionarcarreiras.com.br\/index.php\/2023\/09\/26\/mudancas-no-trabalho\/\">Como se adaptar a mudan\u00e7as no trabalho<\/a>\r\n                        <\/h3>\r\n\t\t\t\t\t\t                <\/div>\r\n\t\t\t<\/div><\/div>\t\t\t\t<\/div>\n\t\t\t\t<\/div>\n\t\t\t\t\t<\/div>\n\t\t\t\t<\/div>\n\t\t\t\t<\/div>\n\t\t","protected":false},"excerpt":{"rendered":"<p>Concurso da Pol\u00edcia Rodovi\u00e1ria Federal &#8211; PRF A Pol\u00edcia Rodovi\u00e1ria Federal solicitou autoriza\u00e7\u00e3o de concurso&hellip;<\/p>\n","protected":false},"author":1,"featured_media":2030,"comment_status":"open","ping_status":"open","sticky":false,"template":"","format":"standard","meta":{"content-type":"","footnotes":""},"categories":[198,2,226],"tags":[170,167,168,172,163,171,169,107],"yoast_head":"<!-- This site is optimized with the Yoast SEO plugin v21.2 - https:\/\/yoast.com\/wordpress\/plugins\/seo\/ -->\n<title>Vagas solicitadas - concurso da Pol\u00edcia Rodovi\u00e1ria Federal possivelmente em breve! - Impulsionar Carreiras<\/title>\n<meta name=\"description\" content=\"Se voc\u00ea pretende prestar concurso para a Pol\u00edcia Rodovi\u00e1ria Federal, \u00e9 hora de come\u00e7ar a estudar. Ediltal pode sair em breve\" \/>\n<meta name=\"robots\" content=\"index, follow, max-snippet:-1, max-image-preview:large, max-video-preview:-1\" \/>\n<link rel=\"canonical\" href=\"https:\/\/impulsionarcarreiras.com.br\/index.php\/2023\/08\/19\/concurso-da-policia-rodoviaria-federal-em-breve\/\" \/>\n<meta property=\"og:locale\" content=\"en_US\" \/>\n<meta property=\"og:type\" content=\"article\" \/>\n<meta property=\"og:title\" content=\"Vagas solicitadas - concurso da Pol\u00edcia Rodovi\u00e1ria Federal possivelmente em breve! - Impulsionar Carreiras\" \/>\n<meta property=\"og:description\" content=\"Se voc\u00ea pretende prestar concurso para a Pol\u00edcia Rodovi\u00e1ria Federal, \u00e9 hora de come\u00e7ar a estudar. Ediltal pode sair em breve\" \/>\n<meta property=\"og:url\" content=\"https:\/\/impulsionarcarreiras.com.br\/index.php\/2023\/08\/19\/concurso-da-policia-rodoviaria-federal-em-breve\/\" \/>\n<meta property=\"og:site_name\" content=\"Impulsionar Carreiras\" \/>\n<meta property=\"article:published_time\" content=\"2023-08-19T17:08:24+00:00\" \/>\n<meta property=\"article:modified_time\" content=\"2023-09-11T18:36:40+00:00\" \/>\n<meta property=\"og:image\" content=\"https:\/\/impulsionarcarreiras.com.br\/wp-content\/uploads\/2023\/08\/prf.jpg\" \/>\n\t<meta property=\"og:image:width\" content=\"2084\" \/>\n\t<meta property=\"og:image:height\" content=\"1172\" \/>\n\t<meta property=\"og:image:type\" content=\"image\/jpeg\" \/>\n<meta name=\"author\" content=\"muriloribeiromkt\" \/>\n<meta name=\"twitter:card\" content=\"summary_large_image\" \/>\n<meta name=\"twitter:label1\" content=\"Written by\" \/>\n\t<meta name=\"twitter:data1\" content=\"muriloribeiromkt\" \/>\n\t<meta name=\"twitter:label2\" content=\"Est. reading time\" \/>\n\t<meta name=\"twitter:data2\" content=\"5 minutes\" \/>\n<script type=\"application\/ld+json\" class=\"yoast-schema-graph\">{\"@context\":\"https:\/\/schema.org\",\"@graph\":[{\"@type\":\"WebPage\",\"@id\":\"https:\/\/impulsionarcarreiras.com.br\/index.php\/2023\/08\/19\/concurso-da-policia-rodoviaria-federal-em-breve\/\",\"url\":\"https:\/\/impulsionarcarreiras.com.br\/index.php\/2023\/08\/19\/concurso-da-policia-rodoviaria-federal-em-breve\/\",\"name\":\"Vagas solicitadas - concurso da Pol\u00edcia Rodovi\u00e1ria Federal possivelmente em breve! - Impulsionar Carreiras\",\"isPartOf\":{\"@id\":\"https:\/\/impulsionarcarreiras.com.br\/#website\"},\"datePublished\":\"2023-08-19T17:08:24+00:00\",\"dateModified\":\"2023-09-11T18:36:40+00:00\",\"author\":{\"@id\":\"https:\/\/impulsionarcarreiras.com.br\/#\/schema\/person\/3fbe93881a5e493daad5b31742ae6562\"},\"description\":\"Se voc\u00ea pretende prestar concurso para a Pol\u00edcia Rodovi\u00e1ria Federal, \u00e9 hora de come\u00e7ar a estudar. Ediltal pode sair em breve\",\"breadcrumb\":{\"@id\":\"https:\/\/impulsionarcarreiras.com.br\/index.php\/2023\/08\/19\/concurso-da-policia-rodoviaria-federal-em-breve\/#breadcrumb\"},\"inLanguage\":\"en-US\",\"potentialAction\":[{\"@type\":\"ReadAction\",\"target\":[\"https:\/\/impulsionarcarreiras.com.br\/index.php\/2023\/08\/19\/concurso-da-policia-rodoviaria-federal-em-breve\/\"]}]},{\"@type\":\"BreadcrumbList\",\"@id\":\"https:\/\/impulsionarcarreiras.com.br\/index.php\/2023\/08\/19\/concurso-da-policia-rodoviaria-federal-em-breve\/#breadcrumb\",\"itemListElement\":[{\"@type\":\"ListItem\",\"position\":1,\"name\":\"In\u00edcio\",\"item\":\"https:\/\/impulsionarcarreiras.com.br\/\"},{\"@type\":\"ListItem\",\"position\":2,\"name\":\"Vagas solicitadas &#8211; concurso da Pol\u00edcia Rodovi\u00e1ria Federal possivelmente em breve!\"}]},{\"@type\":\"WebSite\",\"@id\":\"https:\/\/impulsionarcarreiras.com.br\/#website\",\"url\":\"https:\/\/impulsionarcarreiras.com.br\/\",\"name\":\"Impulsionar Carreiras\",\"description\":\"\",\"potentialAction\":[{\"@type\":\"SearchAction\",\"target\":{\"@type\":\"EntryPoint\",\"urlTemplate\":\"https:\/\/impulsionarcarreiras.com.br\/?s={search_term_string}\"},\"query-input\":\"required name=search_term_string\"}],\"inLanguage\":\"en-US\"},{\"@type\":\"Person\",\"@id\":\"https:\/\/impulsionarcarreiras.com.br\/#\/schema\/person\/3fbe93881a5e493daad5b31742ae6562\",\"name\":\"muriloribeiromkt\",\"image\":{\"@type\":\"ImageObject\",\"inLanguage\":\"en-US\",\"@id\":\"https:\/\/impulsionarcarreiras.com.br\/#\/schema\/person\/image\/\",\"url\":\"https:\/\/secure.gravatar.com\/avatar\/75109d4c9798fa2193072265bd45f523?s=96&d=mm&r=g\",\"contentUrl\":\"https:\/\/secure.gravatar.com\/avatar\/75109d4c9798fa2193072265bd45f523?s=96&d=mm&r=g\",\"caption\":\"muriloribeiromkt\"},\"sameAs\":[\"https:\/\/impulsionarcarreiras.com.br\"],\"url\":\"https:\/\/impulsionarcarreiras.com.br\/index.php\/author\/muriloribeiromkt\/\"}]}<\/script>\n<!-- \/ Yoast SEO plugin. -->","yoast_head_json":{"title":"Vagas solicitadas - concurso da Pol\u00edcia Rodovi\u00e1ria Federal possivelmente em breve! - Impulsionar Carreiras","description":"Se voc\u00ea pretende prestar concurso para a Pol\u00edcia Rodovi\u00e1ria Federal, \u00e9 hora de come\u00e7ar a estudar. Ediltal pode sair em breve","robots":{"index":"index","follow":"follow","max-snippet":"max-snippet:-1","max-image-preview":"max-image-preview:large","max-video-preview":"max-video-preview:-1"},"canonical":"https:\/\/impulsionarcarreiras.com.br\/index.php\/2023\/08\/19\/concurso-da-policia-rodoviaria-federal-em-breve\/","og_locale":"en_US","og_type":"article","og_title":"Vagas solicitadas - concurso da Pol\u00edcia Rodovi\u00e1ria Federal possivelmente em breve! - Impulsionar Carreiras","og_description":"Se voc\u00ea pretende prestar concurso para a Pol\u00edcia Rodovi\u00e1ria Federal, \u00e9 hora de come\u00e7ar a estudar. Ediltal pode sair em breve","og_url":"https:\/\/impulsionarcarreiras.com.br\/index.php\/2023\/08\/19\/concurso-da-policia-rodoviaria-federal-em-breve\/","og_site_name":"Impulsionar Carreiras","article_published_time":"2023-08-19T17:08:24+00:00","article_modified_time":"2023-09-11T18:36:40+00:00","og_image":[{"width":2084,"height":1172,"url":"https:\/\/impulsionarcarreiras.com.br\/wp-content\/uploads\/2023\/08\/prf.jpg","type":"image\/jpeg"}],"author":"muriloribeiromkt","twitter_card":"summary_large_image","twitter_misc":{"Written by":"muriloribeiromkt","Est. reading time":"5 minutes"},"schema":{"@context":"https:\/\/schema.org","@graph":[{"@type":"WebPage","@id":"https:\/\/impulsionarcarreiras.com.br\/index.php\/2023\/08\/19\/concurso-da-policia-rodoviaria-federal-em-breve\/","url":"https:\/\/impulsionarcarreiras.com.br\/index.php\/2023\/08\/19\/concurso-da-policia-rodoviaria-federal-em-breve\/","name":"Vagas solicitadas - concurso da Pol\u00edcia Rodovi\u00e1ria Federal possivelmente em breve! - Impulsionar Carreiras","isPartOf":{"@id":"https:\/\/impulsionarcarreiras.com.br\/#website"},"datePublished":"2023-08-19T17:08:24+00:00","dateModified":"2023-09-11T18:36:40+00:00","author":{"@id":"https:\/\/impulsionarcarreiras.com.br\/#\/schema\/person\/3fbe93881a5e493daad5b31742ae6562"},"description":"Se voc\u00ea pretende prestar concurso para a Pol\u00edcia Rodovi\u00e1ria Federal, \u00e9 hora de come\u00e7ar a estudar. Ediltal pode sair em breve","breadcrumb":{"@id":"https:\/\/impulsionarcarreiras.com.br\/index.php\/2023\/08\/19\/concurso-da-policia-rodoviaria-federal-em-breve\/#breadcrumb"},"inLanguage":"en-US","potentialAction":[{"@type":"ReadAction","target":["https:\/\/impulsionarcarreiras.com.br\/index.php\/2023\/08\/19\/concurso-da-policia-rodoviaria-federal-em-breve\/"]}]},{"@type":"BreadcrumbList","@id":"https:\/\/impulsionarcarreiras.com.br\/index.php\/2023\/08\/19\/concurso-da-policia-rodoviaria-federal-em-breve\/#breadcrumb","itemListElement":[{"@type":"ListItem","position":1,"name":"In\u00edcio","item":"https:\/\/impulsionarcarreiras.com.br\/"},{"@type":"ListItem","position":2,"name":"Vagas solicitadas &#8211; concurso da Pol\u00edcia Rodovi\u00e1ria Federal possivelmente em breve!"}]},{"@type":"WebSite","@id":"https:\/\/impulsionarcarreiras.com.br\/#website","url":"https:\/\/impulsionarcarreiras.com.br\/","name":"Impulsionar Carreiras","description":"","potentialAction":[{"@type":"SearchAction","target":{"@type":"EntryPoint","urlTemplate":"https:\/\/impulsionarcarreiras.com.br\/?s={search_term_string}"},"query-input":"required name=search_term_string"}],"inLanguage":"en-US"},{"@type":"Person","@id":"https:\/\/impulsionarcarreiras.com.br\/#\/schema\/person\/3fbe93881a5e493daad5b31742ae6562","name":"muriloribeiromkt","image":{"@type":"ImageObject","inLanguage":"en-US","@id":"https:\/\/impulsionarcarreiras.com.br\/#\/schema\/person\/image\/","url":"https:\/\/secure.gravatar.com\/avatar\/75109d4c9798fa2193072265bd45f523?s=96&d=mm&r=g","contentUrl":"https:\/\/secure.gravatar.com\/avatar\/75109d4c9798fa2193072265bd45f523?s=96&d=mm&r=g","caption":"muriloribeiromkt"},"sameAs":["https:\/\/impulsionarcarreiras.com.br"],"url":"https:\/\/impulsionarcarreiras.com.br\/index.php\/author\/muriloribeiromkt\/"}]}},"_links":{"self":[{"href":"https:\/\/impulsionarcarreiras.com.br\/index.php\/wp-json\/wp\/v2\/posts\/2012"}],"collection":[{"href":"https:\/\/impulsionarcarreiras.com.br\/index.php\/wp-json\/wp\/v2\/posts"}],"about":[{"href":"https:\/\/impulsionarcarreiras.com.br\/index.php\/wp-json\/wp\/v2\/types\/post"}],"author":[{"embeddable":true,"href":"https:\/\/impulsionarcarreiras.com.br\/index.php\/wp-json\/wp\/v2\/users\/1"}],"replies":[{"embeddable":true,"href":"https:\/\/impulsionarcarreiras.com.br\/index.php\/wp-json\/wp\/v2\/comments?post=2012"}],"version-history":[{"count":13,"href":"https:\/\/impulsionarcarreiras.com.br\/index.php\/wp-json\/wp\/v2\/posts\/2012\/revisions"}],"predecessor-version":[{"id":2035,"href":"https:\/\/impulsionarcarreiras.com.br\/index.php\/wp-json\/wp\/v2\/posts\/2012\/revisions\/2035"}],"wp:featuredmedia":[{"embeddable":true,"href":"https:\/\/impulsionarcarreiras.com.br\/index.php\/wp-json\/wp\/v2\/media\/2030"}],"wp:attachment":[{"href":"https:\/\/impulsionarcarreiras.com.br\/index.php\/wp-json\/wp\/v2\/media?parent=2012"}],"wp:term":[{"taxonomy":"category","embeddable":true,"href":"https:\/\/impulsionarcarreiras.com.br\/index.php\/wp-json\/wp\/v2\/categories?post=2012"},{"taxonomy":"post_tag","embeddable":true,"href":"https:\/\/impulsionarcarreiras.com.br\/index.php\/wp-json\/wp\/v2\/tags?post=2012"}],"curies":[{"name":"wp","href":"https:\/\/api.w.org\/{rel}","templated":true}]}}