{"id":2823,"date":"2023-09-30T15:57:04","date_gmt":"2023-09-30T18:57:04","guid":{"rendered":"https:\/\/impulsionarcarreiras.com.br\/?p=2823"},"modified":"2023-09-30T15:58:13","modified_gmt":"2023-09-30T18:58:13","slug":"concurso-nacional-unificado","status":"publish","type":"post","link":"https:\/\/impulsionarcarreiras.com.br\/index.php\/2023\/09\/30\/concurso-nacional-unificado\/","title":{"rendered":"Concurso Nacional Unificado \u00e9 anunciado pelo governo"},"content":{"rendered":"\t\t<div data-elementor-type=\"wp-post\" data-elementor-id=\"2823\" class=\"elementor elementor-2823\">\n\t\t\t\t<div class=\"elementor-element elementor-element-255f5bb6 e-flex e-con-boxed e-con e-parent\" data-id=\"255f5bb6\" data-element_type=\"container\">\n\t\t\t\t\t<div class=\"e-con-inner\">\n\t\t\t\t<div class=\"elementor-element elementor-element-798a8ee1 elementor-widget elementor-widget-heading\" data-id=\"798a8ee1\" data-element_type=\"widget\" data-widget_type=\"heading.default\">\n\t\t\t\t<div class=\"elementor-widget-container\">\n\t\t\t\t\t<h2 class=\"elementor-heading-title elementor-size-default\">Concurso Nacional Unificado (CNU) - grande oportunidade<\/h2>\t\t\t\t<\/div>\n\t\t\t\t<\/div>\n\t\t\t\t\t<\/div>\n\t\t\t\t<\/div>\n\t\t\t\t<section class=\"penci-section penci-disSticky penci-structure-10 elementor-section elementor-top-section elementor-element elementor-element-58fb9f39 elementor-section-boxed elementor-section-height-default elementor-section-height-default\" data-id=\"58fb9f39\" data-element_type=\"section\">\n\t\t\t\t\t\t<div class=\"elementor-container elementor-column-gap-default\">\n\t\t\t\t\t<div class=\"penci-ercol-100 penci-ercol-order-1 penci-sticky-ct    elementor-column elementor-col-100 elementor-top-column elementor-element elementor-element-702de825\" data-id=\"702de825\" data-element_type=\"column\">\n\t\t\t<div class=\"elementor-widget-wrap elementor-element-populated\">\n\t\t\t\t\t\t<div class=\"elementor-element elementor-element-4c11a938 elementor-widget elementor-widget-text-editor\" data-id=\"4c11a938\" data-element_type=\"widget\" data-widget_type=\"text-editor.default\">\n\t\t\t\t<div class=\"elementor-widget-container\">\n\t\t\t\t\t\t\t\t\t<p>O Governo Federal anunciou, atrav\u00e9s da Ministra Esther Dweck, o <strong>Concurso Nacional Unificado (CNU). <\/strong>\u00c9 uma grande oportunidade para quem almeja ingressar no Servi\u00e7o P\u00fablico Federal.<\/p><p>O concurso j\u00e1 foi apelidado pelos concurseiros como <strong>ENEM dos Concursos<\/strong> e possivelmente seguir\u00e1 com essas duas denomina\u00e7\u00f5es at\u00e9 a sua realiza\u00e7\u00e3o.<\/p><p>No Di\u00e1rio Oficial do dia 29 de setembro, foi publicado o <a href=\"https:\/\/www.gov.br\/gestao\/pt-br\/assuntos\/noticias\/2023\/setembro\/decreto-que-institui-o-concurso-nacional-unificado-e-publicado-no-dou\" target=\"_blank\" rel=\"noopener\">Decreto n\u00ba 11.722\/2023<\/a>, que institui o Concurso P\u00fablico Nacional Unificado. O documento foi assinado pelo presidente Luiz In\u00e1cio Lula da Silva e regulamenta o novo modelo de sele\u00e7\u00e3o de servidores p\u00fablicos desenvolvido pelo Minist\u00e9rio da Gest\u00e3o e da Inova\u00e7\u00e3o em Servi\u00e7os P\u00fablicos (MGI).<\/p><p>A expectativa \u00e9 que o edital seja publicado <strong>at\u00e9 dezembro de 2023<\/strong> com vagas de<strong> n\u00edveis m\u00e9dio e superior<\/strong>. As provas est\u00e3o previstas para o primeiro trimestre de 2024.\u00a0<\/p><p>Diversos \u00f3rg\u00e3o j\u00e1 aderiram ao novo processo de sele\u00e7\u00e3o, sendo que alguns dever\u00e3o se pronunciar em breve sobre esse novo tipo de concurso.<\/p><p>Com a ades\u00e3o dos \u00f3rg\u00e3os formalizada, o pr\u00f3ximo passo ser\u00e1 a elabora\u00e7\u00e3o do termo de refer\u00eancia que possibilitar\u00e1 a contrata\u00e7\u00e3o da banca.<\/p>\t\t\t\t\t\t\t\t<\/div>\n\t\t\t\t<\/div>\n\t\t\t\t<div class=\"elementor-element elementor-element-1ccc2746 elementor-widget elementor-widget-image\" data-id=\"1ccc2746\" data-element_type=\"widget\" data-widget_type=\"image.default\">\n\t\t\t\t<div class=\"elementor-widget-container\">\n\t\t\t\t\t\t\t\t\t\t\t\t\t\t\t<img fetchpriority=\"high\" decoding=\"async\" width=\"1024\" height=\"683\" src=\"https:\/\/impulsionarcarreiras.com.br\/wp-content\/uploads\/2023\/09\/concurso-esplanada-1024x683.jpg\" class=\"attachment-large size-large wp-image-2827\" alt=\"concurso unificado nacional\" srcset=\"https:\/\/impulsionarcarreiras.com.br\/wp-content\/uploads\/2023\/09\/concurso-esplanada-1024x683.jpg 1024w, https:\/\/impulsionarcarreiras.com.br\/wp-content\/uploads\/2023\/09\/concurso-esplanada-300x200.jpg 300w, https:\/\/impulsionarcarreiras.com.br\/wp-content\/uploads\/2023\/09\/concurso-esplanada-768x512.jpg 768w, https:\/\/impulsionarcarreiras.com.br\/wp-content\/uploads\/2023\/09\/concurso-esplanada-585x390.jpg 585w, https:\/\/impulsionarcarreiras.com.br\/wp-content\/uploads\/2023\/09\/concurso-esplanada-263x175.jpg 263w, https:\/\/impulsionarcarreiras.com.br\/wp-content\/uploads\/2023\/09\/concurso-esplanada.jpg 1140w\" sizes=\"(max-width: 1024px) 100vw, 1024px\" \/>\t\t\t\t\t\t\t\t\t\t\t\t\t\t\t<\/div>\n\t\t\t\t<\/div>\n\t\t\t\t\t<\/div>\n\t\t<\/div>\n\t\t\t\t\t<\/div>\n\t\t<\/section>\n\t\t<div class=\"elementor-element elementor-element-3f1e61da e-flex e-con-boxed e-con e-parent\" data-id=\"3f1e61da\" data-element_type=\"container\">\n\t\t\t\t\t<div class=\"e-con-inner\">\n\t\t\t\t<div class=\"elementor-element elementor-element-21349c4e elementor-widget elementor-widget-heading\" data-id=\"21349c4e\" data-element_type=\"widget\" data-widget_type=\"heading.default\">\n\t\t\t\t<div class=\"elementor-widget-container\">\n\t\t\t\t\t<h3 class=\"elementor-heading-title elementor-size-default\">Concurso Nacional Unificado (Enem dos Concursos) trar\u00e1 oportunidades iguais para pessoas de todas as regi\u00f5es do pa\u00eds. <\/h3>\t\t\t\t<\/div>\n\t\t\t\t<\/div>\n\t\t\t\t<div class=\"elementor-element elementor-element-55ee4514 elementor-widget elementor-widget-text-editor\" data-id=\"55ee4514\" data-element_type=\"widget\" data-widget_type=\"text-editor.default\">\n\t\t\t\t<div class=\"elementor-widget-container\">\n\t\t\t\t\t\t\t\t\t<p>A descentraliza\u00e7\u00e3o das provas para os cargos federais facilitar\u00e1 o acesso \u00e0s pessoas que tem dificuldade em se deslocar para realizar as provas.<\/p><p>Segundo a <strong>Ministra Esther Dweck<\/strong>, nesse novo modelo, mesmo se um \u00f3rg\u00e3o oferecer vagas somente para Bras\u00edlia, as provas poder\u00e3o ser realizadas em pontos espalhados por todo o Brasil.<\/p><p>Pelo decreto, s\u00e3o objetivos do <strong>Concurso P\u00fablico Nacional Unificado<\/strong>:<\/p><ul><li>promover igualdade de oportunidades de acesso aos cargos p\u00fablicos efetivos;<\/li><li>padronizar procedimentos na aplica\u00e7\u00e3o das provas;<\/li><li>aprimorar os m\u00e9todos de sele\u00e7\u00e3o de servidores p\u00fablicos, de modo a priorizar as qualifica\u00e7\u00f5es necess\u00e1rias para o desempenho das atividades inerentes ao setor p\u00fablico;<\/li><li>zelar pelo princ\u00edpio da impessoalidade na sele\u00e7\u00e3o dos candidatos em todas as fases e etapas do certame<\/li><\/ul><p>De acordo com o decreto, o Concurso Nacional Unificado (Enem dos Concursos), observar\u00e1 as pol\u00edticas de a\u00e7\u00f5es afirmativas aplic\u00e1veis aos concursos p\u00fablicos federais, e a participa\u00e7\u00e3o dos \u00f3rg\u00e3os na prova \u00fanica se dar\u00e1 por ades\u00e3o, que ser\u00e1 feita mediante assinatura de termo entre o \u00f3rg\u00e3o ou a entidade interessada e o Minist\u00e9rio da Gest\u00e3o.<\/p>\t\t\t\t\t\t\t\t<\/div>\n\t\t\t\t<\/div>\n\t\t\t\t<div class=\"elementor-element elementor-element-5eb57a49 elementor-widget elementor-widget-image\" data-id=\"5eb57a49\" data-element_type=\"widget\" data-widget_type=\"image.default\">\n\t\t\t\t<div class=\"elementor-widget-container\">\n\t\t\t\t\t\t\t\t\t\t\t\t\t\t\t<img decoding=\"async\" width=\"768\" height=\"512\" src=\"https:\/\/impulsionarcarreiras.com.br\/wp-content\/uploads\/2023\/09\/concurso-esther-768x512.jpg\" class=\"attachment-medium_large size-medium_large wp-image-2828\" alt=\"esther dweck concurso nacional unificado\" srcset=\"https:\/\/impulsionarcarreiras.com.br\/wp-content\/uploads\/2023\/09\/concurso-esther-768x512.jpg 768w, https:\/\/impulsionarcarreiras.com.br\/wp-content\/uploads\/2023\/09\/concurso-esther-300x200.jpg 300w, https:\/\/impulsionarcarreiras.com.br\/wp-content\/uploads\/2023\/09\/concurso-esther-585x390.jpg 585w, https:\/\/impulsionarcarreiras.com.br\/wp-content\/uploads\/2023\/09\/concurso-esther-263x175.jpg 263w, https:\/\/impulsionarcarreiras.com.br\/wp-content\/uploads\/2023\/09\/concurso-esther.jpg 1024w\" sizes=\"(max-width: 768px) 100vw, 768px\" \/>\t\t\t\t\t\t\t\t\t\t\t\t\t\t\t<\/div>\n\t\t\t\t<\/div>\n\t\t\t\t\t<\/div>\n\t\t\t\t<\/div>\n\t\t\t\t<section class=\"penci-section penci-disSticky penci-structure-10 elementor-section elementor-top-section elementor-element elementor-element-a2723ad elementor-section-boxed elementor-section-height-default elementor-section-height-default\" data-id=\"a2723ad\" data-element_type=\"section\">\n\t\t\t\t\t\t<div class=\"elementor-container elementor-column-gap-extended\">\n\t\t\t\t\t<div class=\"penci-ercol-100 penci-ercol-order-1 penci-sticky-ct  penci-dmcheck penci-elbg-activate  elementor-column elementor-col-100 elementor-top-column elementor-element elementor-element-14980f18\" data-id=\"14980f18\" data-element_type=\"column\" data-settings=\"{&quot;background_background&quot;:&quot;classic&quot;}\">\n\t\t\t<div class=\"elementor-widget-wrap elementor-element-populated\">\n\t\t\t\t\t\t<div class=\"elementor-element elementor-element-24be1bf2 elementor-widget elementor-widget-penci-info-box\" data-id=\"24be1bf2\" data-element_type=\"widget\" data-widget_type=\"penci-info-box.default\">\n\t\t\t\t<div class=\"elementor-widget-container\">\n\t\t\t\t\t        <div id=\"penci_info_box_62484\" class=\"penci-block-vc penci-info-box penci-ibox-float-left penci-view-stacked penci-shape-circle\">\r\n            <div class=\"penci-ibox-inner penci-animation-grow\">\r\n\t\t\t\t<a class=\"penci-iboxwrap-overlay\" href=\"https:\/\/impulsionarcarreiras.com.br\/index.php\/2023\/09\/04\/concurso-pc-sp-2023\/\" target=\"_blank\"><\/a>\t\t\t\t<div class=\"penci-ibox-icon penci-ibox-icon--icon penci-icon penci-tibox-icon\"><a class=\"penci-ibox-icon-fa-fix\" href=\"https:\/\/impulsionarcarreiras.com.br\/index.php\/2023\/09\/04\/concurso-pc-sp-2023\/\" target=\"_blank\"><\/a><a class=\"penci-ibox-icon-fa\" href=\"https:\/\/impulsionarcarreiras.com.br\/index.php\/2023\/09\/04\/concurso-pc-sp-2023\/\" target=\"_blank\"><i class=\"penci-ibox-icon--i fa fa-arrow-right\" aria-hidden=\"true\"><\/i><\/a><\/div>                <div class=\"penci-ibox-content-wrap\">\r\n\t\t\t\t\t\t\t\t\t\t<h3\r\n                            class=\"penci-ibox-title\">Leia tamb\u00e9m - \"Concurso PC SP 2023 \u2013 Edital Aberto!\"<\/h3>\t\t\t\t\t\t\t\t\t\t                        <div class=\"penci-ibox-content\"><p class=\"penci-psub-title \"><strong>Vagas para os cargos de Delegado, Perito, M\u00e9dico Legista, Escriv\u00e3o e Investigador.<\/strong><\/p>\n<\/div>\t\t\t\t\t                <\/div>\r\n            <\/div>\r\n        <\/div>\r\n\t\t\t\t\t\t<\/div>\n\t\t\t\t<\/div>\n\t\t\t\t\t<\/div>\n\t\t<\/div>\n\t\t\t\t\t<\/div>\n\t\t<\/section>\n\t\t<div class=\"elementor-element elementor-element-1c916701 e-flex e-con-boxed e-con e-parent\" data-id=\"1c916701\" data-element_type=\"container\">\n\t\t\t\t\t<div class=\"e-con-inner\">\n\t\t\t\t<div class=\"elementor-element elementor-element-2bf8c1f8 elementor-widget elementor-widget-heading\" data-id=\"2bf8c1f8\" data-element_type=\"widget\" data-widget_type=\"heading.default\">\n\t\t\t\t<div class=\"elementor-widget-container\">\n\t\t\t\t\t<h3 class=\"elementor-heading-title elementor-size-default\">Vagas do Concurso Nacional Unificado<\/h3>\t\t\t\t<\/div>\n\t\t\t\t<\/div>\n\t\t\t\t\t<\/div>\n\t\t\t\t<\/div>\n\t\t<div class=\"elementor-element elementor-element-24d20bda e-flex e-con-boxed e-con e-parent\" data-id=\"24d20bda\" data-element_type=\"container\">\n\t\t\t\t\t<div class=\"e-con-inner\">\n\t\t\t\t<div class=\"elementor-element elementor-element-1c23c171 elementor-widget elementor-widget-text-editor\" data-id=\"1c23c171\" data-element_type=\"widget\" data-widget_type=\"text-editor.default\">\n\t\t\t\t<div class=\"elementor-widget-container\">\n\t\t\t\t\t\t\t\t\t<p><strong>Vinte \u00f3rg\u00e3os federais j\u00e1 confirmaram ades\u00e3o ao edital unificado totalizando 6.590 vagas.<\/strong><\/p><p>Com a ades\u00e3o de outros \u00f3rg\u00e3os, \u00e9 poss\u00edvel que o n\u00famero de vagas aumente.<\/p><p>Confira abaixo os \u00f3rg\u00e3os j\u00e1 confirmados e o respectivo n\u00famero de vagas para o Enem dos Concursos.<\/p>\t\t\t\t\t\t\t\t<\/div>\n\t\t\t\t<\/div>\n\t\t\t\t\t<\/div>\n\t\t\t\t<\/div>\n\t\t<div class=\"elementor-element elementor-element-6663d0dd e-flex e-con-boxed e-con e-parent\" data-id=\"6663d0dd\" data-element_type=\"container\" data-settings=\"{&quot;background_background&quot;:&quot;classic&quot;}\">\n\t\t\t\t\t<div class=\"e-con-inner\">\n\t\t\t\t<div class=\"elementor-element elementor-element-398c7e6d elementor-widget elementor-widget-text-editor\" data-id=\"398c7e6d\" data-element_type=\"widget\" data-widget_type=\"text-editor.default\">\n\t\t\t\t<div class=\"elementor-widget-container\">\n\t\t\t\t\t\t\t\t\t<div class=\"container-tabela\"><table><thead><tr><th>Concurso Nacional Unificado \u2013 \u00d3rg\u00e3os<\/th><th>Vagas<\/th><\/tr><\/thead><tbody><tr><td>Funda\u00e7\u00e3o Nacional dos Povos Ind\u00edgenas \u2013 Funai<\/td><td>502 vagas<\/td><\/tr><tr><td>Instituto Nacional de Coloniza\u00e7\u00e3o e Reforma Agr\u00e1ria \u2013 Incra<\/td><td>742 vagas<\/td><\/tr><tr><td>Minist\u00e9rio da Agricultura, Pecu\u00e1ria e Abastecimento \u2013 Mapa<\/td><td>520 vagas<\/td><\/tr><tr><td>Minist\u00e9rio da Gest\u00e3o e da Inova\u00e7\u00e3o em Servi\u00e7os P\u00fablicos \u2013 MGI<\/td><td>1.480 vagas (incluindo as vagas transversais)<\/td><\/tr><tr><td>Minist\u00e9rio da Sa\u00fade \u2013 MS<\/td><td>220 vagas<\/td><\/tr><tr><td>Ag\u00eancia Nacional de Transportes Aquavi\u00e1rios \u2013 ANTAQ<\/td><td>30 vagas<\/td><\/tr><tr><td>Minist\u00e9rio do Desenvolvimento, Ind\u00fastria, Com\u00e9rcio e Servi\u00e7os \u2013 MDIC<\/td><td>110 vagas<\/td><\/tr><tr><td>Superintend\u00eancia Nacional de Previd\u00eancia Complementar \u2013 PREVIC<\/td><td>40 vagas<\/td><\/tr><tr><td>Ag\u00eancia Nacional de Energia El\u00e9trica \u2013 ANEEL<\/td><td>40 vagas<\/td><\/tr><tr><td>Ag\u00eancia Nacional de Sa\u00fade Suplementar \u2013 ANS<\/td><td>35 vagas<\/td><\/tr><tr><td>Instituto Brasileiro de Geografia e Estat\u00edstica \u2013 IBGE<\/td><td>895 vagas<\/td><\/tr><tr><td>Minist\u00e9rio da Justi\u00e7a e Seguran\u00e7a P\u00fablica \u2013 MJSP<\/td><td>130 vagas<\/td><\/tr><tr><td>Minist\u00e9rio da Ci\u00eancia, Tecnologia, Inova\u00e7\u00f5es e Comunica\u00e7\u00f5es \u2013 MCTI<\/td><td>296 vagas<\/td><\/tr><tr><td>Advocacia-Geral da Uni\u00e3o \u2013 AGU<\/td><td>400 vagas<\/td><\/tr><tr><td>Minist\u00e9rio dos Direitos Humanos e da Cidadania \u2013 MDHC<\/td><td>40 vagas<\/td><\/tr><tr><td>Minist\u00e9rio dos Povos Ind\u00edgenas \u2013 MPI<\/td><td>30 vagas<\/td><\/tr><tr><td>Minist\u00e9rio do Planejamento e Or\u00e7amento \u2013 MPO<\/td><td>60 vagas<\/td><\/tr><tr><td>Minist\u00e9rio da Cultura \u2013 MinC<\/td><td>50 vagas<\/td><\/tr><tr><td>Minist\u00e9rio da Educa\u00e7\u00e3o \u2013 MEC<\/td><td>70 vagas<\/td><\/tr><tr><td>Minist\u00e9rio do Trabalho e Emprego \u2013 MTE<\/td><td>900 vagas<\/td><\/tr><tr><td><strong>Total<\/strong><\/td><td><strong>6.590 vagas<\/strong><\/td><\/tr><\/tbody><\/table><\/div>\t\t\t\t\t\t\t\t<\/div>\n\t\t\t\t<\/div>\n\t\t\t\t<div class=\"elementor-element elementor-element-1e8ee413 elementor-widget elementor-widget-text-editor\" data-id=\"1e8ee413\" data-element_type=\"widget\" data-widget_type=\"text-editor.default\">\n\t\t\t\t<div class=\"elementor-widget-container\">\n\t\t\t\t\t\t\t\t\t<p><strong>As carreiras transversais s\u00e3o cargos que podem ser lotados em diferentes \u00f3rg\u00e3os na esfera federal.<\/strong><\/p><table><thead><tr><th>Cargos<\/th><th>Vagas<\/th><\/tr><\/thead><tbody><tr><td>Especialista em Pol\u00edticas P\u00fablicas e Gest\u00e3o Governamental \u2013 EPPGG<\/td><td>150<\/td><\/tr><tr><td>Analista T\u00e9cnico de Pol\u00edticas Sociais \u2013 ATPS<\/td><td>500<\/td><\/tr><tr><td>Analista em Tecnologia da Informa\u00e7\u00e3o \u2013 ATI<\/td><td>300<\/td><\/tr><tr><td>Analista de Infraestrutura \u2013 AIE<\/td><td>300<\/td><\/tr><\/tbody><\/table>\t\t\t\t\t\t\t\t<\/div>\n\t\t\t\t<\/div>\n\t\t\t\t\t<\/div>\n\t\t\t\t<\/div>\n\t\t\t\t<section class=\"penci-section penci-disSticky penci-structure-10 elementor-section elementor-top-section elementor-element elementor-element-84285c2 elementor-section-boxed elementor-section-height-default elementor-section-height-default\" data-id=\"84285c2\" data-element_type=\"section\">\n\t\t\t\t\t\t<div class=\"elementor-container elementor-column-gap-extended\">\n\t\t\t\t\t<div class=\"penci-ercol-100 penci-ercol-order-1 penci-sticky-ct  penci-dmcheck penci-elbg-activate  elementor-column elementor-col-100 elementor-top-column elementor-element elementor-element-028a732\" data-id=\"028a732\" data-element_type=\"column\" data-settings=\"{&quot;background_background&quot;:&quot;classic&quot;}\">\n\t\t\t<div class=\"elementor-widget-wrap elementor-element-populated\">\n\t\t\t\t\t\t<div class=\"elementor-element elementor-element-9f2cf83 elementor-widget elementor-widget-penci-info-box\" data-id=\"9f2cf83\" data-element_type=\"widget\" data-widget_type=\"penci-info-box.default\">\n\t\t\t\t<div class=\"elementor-widget-container\">\n\t\t\t\t\t        <div id=\"penci_info_box_27833\" class=\"penci-block-vc penci-info-box penci-ibox-float-left penci-view-stacked penci-shape-circle\">\r\n            <div class=\"penci-ibox-inner penci-animation-grow\">\r\n\t\t\t\t<a class=\"penci-iboxwrap-overlay\" href=\"https:\/\/impulsionarcarreiras.com.br\/index.php\/2023\/09\/04\/concurso-pc-sp-2023\/\" target=\"_blank\"><\/a>\t\t\t\t<div class=\"penci-ibox-icon penci-ibox-icon--icon penci-icon penci-tibox-icon\"><a class=\"penci-ibox-icon-fa-fix\" href=\"https:\/\/impulsionarcarreiras.com.br\/index.php\/2023\/09\/04\/concurso-pc-sp-2023\/\" target=\"_blank\"><\/a><a class=\"penci-ibox-icon-fa\" href=\"https:\/\/impulsionarcarreiras.com.br\/index.php\/2023\/09\/04\/concurso-pc-sp-2023\/\" target=\"_blank\"><i class=\"penci-ibox-icon--i fa fa-arrow-right\" aria-hidden=\"true\"><\/i><\/a><\/div>                <div class=\"penci-ibox-content-wrap\">\r\n\t\t\t\t\t\t\t\t\t\t<h3\r\n                            class=\"penci-ibox-title\">Leia tamb\u00e9m - \"Concurso PC SP 2023 \u2013 Edital Aberto!\"<\/h3>\t\t\t\t\t\t\t\t\t\t                        <div class=\"penci-ibox-content\"><p class=\"penci-psub-title \"><strong>Vagas para os cargos de Delegado, Perito, M\u00e9dico Legista, Escriv\u00e3o e Investigador.<\/strong><\/p>\n<\/div>\t\t\t\t\t                <\/div>\r\n            <\/div>\r\n        <\/div>\r\n\t\t\t\t\t\t<\/div>\n\t\t\t\t<\/div>\n\t\t\t\t\t<\/div>\n\t\t<\/div>\n\t\t\t\t\t<\/div>\n\t\t<\/section>\n\t\t<div class=\"elementor-element elementor-element-4e900e0f e-flex e-con-boxed e-con e-parent\" data-id=\"4e900e0f\" data-element_type=\"container\">\n\t\t\t\t\t<div class=\"e-con-inner\">\n\t\t\t\t<div class=\"elementor-element elementor-element-eb73bc8 elementor-widget elementor-widget-image\" data-id=\"eb73bc8\" data-element_type=\"widget\" data-widget_type=\"image.default\">\n\t\t\t\t<div class=\"elementor-widget-container\">\n\t\t\t\t\t\t\t\t\t\t\t\t\t\t\t<img decoding=\"async\" width=\"1024\" height=\"612\" src=\"https:\/\/impulsionarcarreiras.com.br\/wp-content\/uploads\/2023\/09\/concurso-nacional-unificado-brasilia-1024x612.webp\" class=\"attachment-large size-large wp-image-2832\" alt=\"\" srcset=\"https:\/\/impulsionarcarreiras.com.br\/wp-content\/uploads\/2023\/09\/concurso-nacional-unificado-brasilia-1024x612.webp 1024w, https:\/\/impulsionarcarreiras.com.br\/wp-content\/uploads\/2023\/09\/concurso-nacional-unificado-brasilia-300x179.webp 300w, https:\/\/impulsionarcarreiras.com.br\/wp-content\/uploads\/2023\/09\/concurso-nacional-unificado-brasilia-768x459.webp 768w, https:\/\/impulsionarcarreiras.com.br\/wp-content\/uploads\/2023\/09\/concurso-nacional-unificado-brasilia-1170x699.webp 1170w, https:\/\/impulsionarcarreiras.com.br\/wp-content\/uploads\/2023\/09\/concurso-nacional-unificado-brasilia-585x350.webp 585w, https:\/\/impulsionarcarreiras.com.br\/wp-content\/uploads\/2023\/09\/concurso-nacional-unificado-brasilia.webp 1200w\" sizes=\"(max-width: 1024px) 100vw, 1024px\" \/>\t\t\t\t\t\t\t\t\t\t\t\t\t\t\t<\/div>\n\t\t\t\t<\/div>\n\t\t\t\t<div class=\"elementor-element elementor-element-26326b0 elementor-widget elementor-widget-heading\" data-id=\"26326b0\" data-element_type=\"widget\" data-widget_type=\"heading.default\">\n\t\t\t\t<div class=\"elementor-widget-container\">\n\t\t\t\t\t<h3 class=\"elementor-heading-title elementor-size-default\">Blocos de \u00e1rea de atua\u00e7\u00e3o governamental espec\u00edfica para o Concurso Nacional Unificado<\/h3>\t\t\t\t<\/div>\n\t\t\t\t<\/div>\n\t\t\t\t<div class=\"elementor-element elementor-element-55242957 elementor-widget elementor-widget-text-editor\" data-id=\"55242957\" data-element_type=\"widget\" data-widget_type=\"text-editor.default\">\n\t\t\t\t<div class=\"elementor-widget-container\">\n\t\t\t\t\t\t\t\t\t<p>A proposta feita pela Ministra Esther Dweck indica que as <strong>vagas ser\u00e3o divididas em blocos, <\/strong>estando separadas por \u00e1reas de atua\u00e7\u00e3o governamental.<\/p><p>S\u00e3o elas:<\/p><ul><li>Administra\u00e7\u00e3o e finan\u00e7as p\u00fablicas;<\/li><li>Setores econ\u00f4micos, infraestrutura e regula\u00e7\u00e3o;<\/li><li>Agricultura, meio ambiente e desenvolvimento agr\u00e1rio;<\/li><li>Educa\u00e7\u00e3o, ci\u00eancia, tecnologia e inova\u00e7\u00e3o;<\/li><li>Pol\u00edticas sociais, justi\u00e7a e sa\u00fade;<\/li><li>Trabalho e previd\u00eancia;<\/li><li>Dados, tecnologia e informa\u00e7\u00e3o p\u00fablica;<\/li><li>N\u00edvel intermedi\u00e1rio.<\/li><\/ul><p>Em breve publicaremos mais informa\u00e7\u00f5es e todas as not\u00edcias sobre esse grande concurso.<\/p><p>Acompanhe tamb\u00e9m pela nossa p\u00e1gina no Instagram <a href=\"https:\/\/www.instagram.com\/impulsionarcarreiras\/\" target=\"_blank\" rel=\"noopener\">@impulsionarcarreiras<\/a><\/p><p>Hora de iniciar os estudos!<\/p><p>Sucesso!<\/p><p>Equipe Impulsionar Carreiras<\/p>\t\t\t\t\t\t\t\t<\/div>\n\t\t\t\t<\/div>\n\t\t\t\t\t<\/div>\n\t\t\t\t<\/div>\n\t\t<div class=\"elementor-element elementor-element-170072c0 e-flex e-con-boxed e-con e-parent\" data-id=\"170072c0\" data-element_type=\"container\">\n\t\t\t\t\t<div class=\"e-con-inner\">\n\t\t\t\t<div class=\"elementor-element elementor-element-23f9e9cd elementor-widget elementor-widget-penci-single-related-posts\" data-id=\"23f9e9cd\" data-element_type=\"widget\" data-widget_type=\"penci-single-related-posts.default\">\n\t\t\t\t<div class=\"elementor-widget-container\">\n\t\t\t\t\t        <div class=\"penci-border-arrow penci-homepage-title penci-home-latest-posts style-2 pcalign-left pciconp-right pcicon-right block-title-icon-left\">\n            <h3 class=\"inner-arrow\">\n\t\t\t\t<span>Voc\u00ea tamb\u00e9m pode gostar<\/a>            <\/h3>\n        <\/div>\n\t\t<div class=\"post-related\">\r\n\t\t    <div class=\"penci-owl-carousel penci-owl-carousel-slider penci-related-carousel\"\r\n         data-lazy=\"true\" data-item=\"3\" data-desktop=\"3\" data-tablet=\"2\" data-tabsmall=\"2\"\r\n         data-auto=\"false\"\r\n         data-speed=\"300\" data-dots=\"true\" data-nav=\"false\">\r\n\t\t\t\t\t                <div class=\"item-related\">\r\n\t\t\t\t\t\t                \t\t\t\t\t                    <a class=\"related-thumb penci-image-holder penci-lazy\"\r\n                       data-bgset=\"https:\/\/impulsionarcarreiras.com.br\/wp-content\/uploads\/2025\/09\/joelho-ondas-de-choque.jpg\"\r\n                       href=\"https:\/\/impulsionarcarreiras.com.br\/index.php\/2025\/09\/09\/terapia-de-ondas-de-choque\/\" title=\"Terapia de Ondas de Choque no tratamento de les\u00f5es musculoesquel\u00e9ticas\">\r\n\t\t\t\t\t\t\t\t\t\t\t\t\t                        <\/a>\r\n\t\t\t\t\t\t                        <h3>\r\n                            <a href=\"https:\/\/impulsionarcarreiras.com.br\/index.php\/2025\/09\/09\/terapia-de-ondas-de-choque\/\">Terapia de Ondas de Choque no tratamento de...<\/a>\r\n                        <\/h3>\r\n\t\t\t\t\t\t                <\/div>\r\n\t\t\t                <div class=\"item-related\">\r\n\t\t\t\t\t\t                \t\t\t\t\t                    <a class=\"related-thumb penci-image-holder penci-lazy\"\r\n                       data-bgset=\"https:\/\/impulsionarcarreiras.com.br\/wp-content\/uploads\/2023\/10\/growth1.jpg\"\r\n                       href=\"https:\/\/impulsionarcarreiras.com.br\/index.php\/2023\/10\/03\/estrategias-crescimento-profissional\/\" title=\"Quais estrat\u00e9gias voc\u00ea tem adotado para o seu crescimento profissional?\">\r\n\t\t\t\t\t\t\t\t\t\t\t\t\t                        <\/a>\r\n\t\t\t\t\t\t                        <h3>\r\n                            <a href=\"https:\/\/impulsionarcarreiras.com.br\/index.php\/2023\/10\/03\/estrategias-crescimento-profissional\/\">Quais estrat\u00e9gias voc\u00ea tem adotado para o seu...<\/a>\r\n                        <\/h3>\r\n\t\t\t\t\t\t                <\/div>\r\n\t\t\t                <div class=\"item-related\">\r\n\t\t\t\t\t\t                \t\t\t\t\t                    <a class=\"related-thumb penci-image-holder penci-lazy\"\r\n                       data-bgset=\"https:\/\/impulsionarcarreiras.com.br\/wp-content\/uploads\/2023\/09\/the-rock-1-585x390.jpeg\"\r\n                       href=\"https:\/\/impulsionarcarreiras.com.br\/index.php\/2023\/09\/27\/the-rock\/\" title=\"Dwayne &#8220;The Rock&#8221; Johnson &#8211; Conhe\u00e7a o porque da hist\u00f3ria de sucesso do ator\">\r\n\t\t\t\t\t\t\t\t\t\t\t\t\t                        <\/a>\r\n\t\t\t\t\t\t                        <h3>\r\n                            <a href=\"https:\/\/impulsionarcarreiras.com.br\/index.php\/2023\/09\/27\/the-rock\/\">Dwayne &#8220;The Rock&#8221; Johnson &#8211; Conhe\u00e7a o porque...<\/a>\r\n                        <\/h3>\r\n\t\t\t\t\t\t                <\/div>\r\n\t\t\t                <div class=\"item-related\">\r\n\t\t\t\t\t\t                \t\t\t\t\t                    <a class=\"related-thumb penci-image-holder penci-lazy\"\r\n                       data-bgset=\"https:\/\/impulsionarcarreiras.com.br\/wp-content\/uploads\/2023\/09\/adaptar2-585x390.jpg\"\r\n                       href=\"https:\/\/impulsionarcarreiras.com.br\/index.php\/2023\/09\/26\/mudancas-no-trabalho\/\" title=\"Como se adaptar a mudan\u00e7as no trabalho\">\r\n\t\t\t\t\t\t\t\t\t\t\t\t\t                        <\/a>\r\n\t\t\t\t\t\t                        <h3>\r\n                            <a href=\"https:\/\/impulsionarcarreiras.com.br\/index.php\/2023\/09\/26\/mudancas-no-trabalho\/\">Como se adaptar a mudan\u00e7as no trabalho<\/a>\r\n                        <\/h3>\r\n\t\t\t\t\t\t                <\/div>\r\n\t\t\t<\/div><\/div>\t\t\t\t<\/div>\n\t\t\t\t<\/div>\n\t\t\t\t\t<\/div>\n\t\t\t\t<\/div>\n\t\t\t\t<\/div>\n\t\t","protected":false},"excerpt":{"rendered":"<p>Concurso Nacional Unificado (CNU) &#8211; grande oportunidade O Governo Federal anunciou, atrav\u00e9s da Ministra Esther&hellip;<\/p>\n","protected":false},"author":1,"featured_media":2825,"comment_status":"open","ping_status":"open","sticky":false,"template":"","format":"standard","meta":{"content-type":"","footnotes":""},"categories":[196,198,2,102,226],"tags":[278,112,274,105,275,163,277,286,284,283,279,281,276,280,285,282],"yoast_head":"<!-- This site is optimized with the Yoast SEO plugin v21.2 - https:\/\/yoast.com\/wordpress\/plugins\/seo\/ -->\n<title>Concurso Nacional Unificado \u00e9 anunciado pelo governo - Impulsionar Carreiras<\/title>\n<meta name=\"description\" content=\"O Governo Federal anunciou o Concurso Nacional Unificado. Ser\u00e1 o Enem dos concursos. Ser\u00e3o abertas milhares de vagas para cargos p\u00fablicos.\" \/>\n<meta name=\"robots\" content=\"index, follow, max-snippet:-1, max-image-preview:large, max-video-preview:-1\" \/>\n<link rel=\"canonical\" href=\"https:\/\/impulsionarcarreiras.com.br\/index.php\/2023\/09\/30\/concurso-nacional-unificado\/\" \/>\n<meta property=\"og:locale\" content=\"en_US\" \/>\n<meta property=\"og:type\" content=\"article\" \/>\n<meta property=\"og:title\" content=\"Concurso Nacional Unificado \u00e9 anunciado pelo governo - Impulsionar Carreiras\" \/>\n<meta property=\"og:description\" content=\"O Governo Federal anunciou o Concurso Nacional Unificado. Ser\u00e1 o Enem dos concursos. Ser\u00e3o abertas milhares de vagas para cargos p\u00fablicos.\" \/>\n<meta property=\"og:url\" content=\"https:\/\/impulsionarcarreiras.com.br\/index.php\/2023\/09\/30\/concurso-nacional-unificado\/\" \/>\n<meta property=\"og:site_name\" content=\"Impulsionar Carreiras\" \/>\n<meta property=\"article:published_time\" content=\"2023-09-30T18:57:04+00:00\" \/>\n<meta property=\"article:modified_time\" content=\"2023-09-30T18:58:13+00:00\" \/>\n<meta property=\"og:image\" content=\"https:\/\/impulsionarcarreiras.com.br\/wp-content\/uploads\/2023\/09\/Concurso-nacional-unificado.jpg\" \/>\n\t<meta property=\"og:image:width\" content=\"1200\" \/>\n\t<meta property=\"og:image:height\" content=\"627\" \/>\n\t<meta property=\"og:image:type\" content=\"image\/jpeg\" \/>\n<meta name=\"author\" content=\"muriloribeiromkt\" \/>\n<meta name=\"twitter:card\" content=\"summary_large_image\" \/>\n<meta name=\"twitter:label1\" content=\"Written by\" \/>\n\t<meta name=\"twitter:data1\" content=\"muriloribeiromkt\" \/>\n\t<meta name=\"twitter:label2\" content=\"Est. reading time\" \/>\n\t<meta name=\"twitter:data2\" content=\"6 minutes\" \/>\n<script type=\"application\/ld+json\" class=\"yoast-schema-graph\">{\"@context\":\"https:\/\/schema.org\",\"@graph\":[{\"@type\":\"WebPage\",\"@id\":\"https:\/\/impulsionarcarreiras.com.br\/index.php\/2023\/09\/30\/concurso-nacional-unificado\/\",\"url\":\"https:\/\/impulsionarcarreiras.com.br\/index.php\/2023\/09\/30\/concurso-nacional-unificado\/\",\"name\":\"Concurso Nacional Unificado \u00e9 anunciado pelo governo - Impulsionar Carreiras\",\"isPartOf\":{\"@id\":\"https:\/\/impulsionarcarreiras.com.br\/#website\"},\"datePublished\":\"2023-09-30T18:57:04+00:00\",\"dateModified\":\"2023-09-30T18:58:13+00:00\",\"author\":{\"@id\":\"https:\/\/impulsionarcarreiras.com.br\/#\/schema\/person\/3fbe93881a5e493daad5b31742ae6562\"},\"description\":\"O Governo Federal anunciou o Concurso Nacional Unificado. Ser\u00e1 o Enem dos concursos. Ser\u00e3o abertas milhares de vagas para cargos p\u00fablicos.\",\"breadcrumb\":{\"@id\":\"https:\/\/impulsionarcarreiras.com.br\/index.php\/2023\/09\/30\/concurso-nacional-unificado\/#breadcrumb\"},\"inLanguage\":\"en-US\",\"potentialAction\":[{\"@type\":\"ReadAction\",\"target\":[\"https:\/\/impulsionarcarreiras.com.br\/index.php\/2023\/09\/30\/concurso-nacional-unificado\/\"]}]},{\"@type\":\"BreadcrumbList\",\"@id\":\"https:\/\/impulsionarcarreiras.com.br\/index.php\/2023\/09\/30\/concurso-nacional-unificado\/#breadcrumb\",\"itemListElement\":[{\"@type\":\"ListItem\",\"position\":1,\"name\":\"In\u00edcio\",\"item\":\"https:\/\/impulsionarcarreiras.com.br\/\"},{\"@type\":\"ListItem\",\"position\":2,\"name\":\"Concurso Nacional Unificado \u00e9 anunciado pelo governo\"}]},{\"@type\":\"WebSite\",\"@id\":\"https:\/\/impulsionarcarreiras.com.br\/#website\",\"url\":\"https:\/\/impulsionarcarreiras.com.br\/\",\"name\":\"Impulsionar Carreiras\",\"description\":\"\",\"potentialAction\":[{\"@type\":\"SearchAction\",\"target\":{\"@type\":\"EntryPoint\",\"urlTemplate\":\"https:\/\/impulsionarcarreiras.com.br\/?s={search_term_string}\"},\"query-input\":\"required name=search_term_string\"}],\"inLanguage\":\"en-US\"},{\"@type\":\"Person\",\"@id\":\"https:\/\/impulsionarcarreiras.com.br\/#\/schema\/person\/3fbe93881a5e493daad5b31742ae6562\",\"name\":\"muriloribeiromkt\",\"image\":{\"@type\":\"ImageObject\",\"inLanguage\":\"en-US\",\"@id\":\"https:\/\/impulsionarcarreiras.com.br\/#\/schema\/person\/image\/\",\"url\":\"https:\/\/secure.gravatar.com\/avatar\/75109d4c9798fa2193072265bd45f523?s=96&d=mm&r=g\",\"contentUrl\":\"https:\/\/secure.gravatar.com\/avatar\/75109d4c9798fa2193072265bd45f523?s=96&d=mm&r=g\",\"caption\":\"muriloribeiromkt\"},\"sameAs\":[\"https:\/\/impulsionarcarreiras.com.br\"],\"url\":\"https:\/\/impulsionarcarreiras.com.br\/index.php\/author\/muriloribeiromkt\/\"}]}<\/script>\n<!-- \/ Yoast SEO plugin. -->","yoast_head_json":{"title":"Concurso Nacional Unificado \u00e9 anunciado pelo governo - Impulsionar Carreiras","description":"O Governo Federal anunciou o Concurso Nacional Unificado. Ser\u00e1 o Enem dos concursos. Ser\u00e3o abertas milhares de vagas para cargos p\u00fablicos.","robots":{"index":"index","follow":"follow","max-snippet":"max-snippet:-1","max-image-preview":"max-image-preview:large","max-video-preview":"max-video-preview:-1"},"canonical":"https:\/\/impulsionarcarreiras.com.br\/index.php\/2023\/09\/30\/concurso-nacional-unificado\/","og_locale":"en_US","og_type":"article","og_title":"Concurso Nacional Unificado \u00e9 anunciado pelo governo - Impulsionar Carreiras","og_description":"O Governo Federal anunciou o Concurso Nacional Unificado. Ser\u00e1 o Enem dos concursos. Ser\u00e3o abertas milhares de vagas para cargos p\u00fablicos.","og_url":"https:\/\/impulsionarcarreiras.com.br\/index.php\/2023\/09\/30\/concurso-nacional-unificado\/","og_site_name":"Impulsionar Carreiras","article_published_time":"2023-09-30T18:57:04+00:00","article_modified_time":"2023-09-30T18:58:13+00:00","og_image":[{"width":1200,"height":627,"url":"https:\/\/impulsionarcarreiras.com.br\/wp-content\/uploads\/2023\/09\/Concurso-nacional-unificado.jpg","type":"image\/jpeg"}],"author":"muriloribeiromkt","twitter_card":"summary_large_image","twitter_misc":{"Written by":"muriloribeiromkt","Est. reading time":"6 minutes"},"schema":{"@context":"https:\/\/schema.org","@graph":[{"@type":"WebPage","@id":"https:\/\/impulsionarcarreiras.com.br\/index.php\/2023\/09\/30\/concurso-nacional-unificado\/","url":"https:\/\/impulsionarcarreiras.com.br\/index.php\/2023\/09\/30\/concurso-nacional-unificado\/","name":"Concurso Nacional Unificado \u00e9 anunciado pelo governo - Impulsionar Carreiras","isPartOf":{"@id":"https:\/\/impulsionarcarreiras.com.br\/#website"},"datePublished":"2023-09-30T18:57:04+00:00","dateModified":"2023-09-30T18:58:13+00:00","author":{"@id":"https:\/\/impulsionarcarreiras.com.br\/#\/schema\/person\/3fbe93881a5e493daad5b31742ae6562"},"description":"O Governo Federal anunciou o Concurso Nacional Unificado. Ser\u00e1 o Enem dos concursos. Ser\u00e3o abertas milhares de vagas para cargos p\u00fablicos.","breadcrumb":{"@id":"https:\/\/impulsionarcarreiras.com.br\/index.php\/2023\/09\/30\/concurso-nacional-unificado\/#breadcrumb"},"inLanguage":"en-US","potentialAction":[{"@type":"ReadAction","target":["https:\/\/impulsionarcarreiras.com.br\/index.php\/2023\/09\/30\/concurso-nacional-unificado\/"]}]},{"@type":"BreadcrumbList","@id":"https:\/\/impulsionarcarreiras.com.br\/index.php\/2023\/09\/30\/concurso-nacional-unificado\/#breadcrumb","itemListElement":[{"@type":"ListItem","position":1,"name":"In\u00edcio","item":"https:\/\/impulsionarcarreiras.com.br\/"},{"@type":"ListItem","position":2,"name":"Concurso Nacional Unificado \u00e9 anunciado pelo governo"}]},{"@type":"WebSite","@id":"https:\/\/impulsionarcarreiras.com.br\/#website","url":"https:\/\/impulsionarcarreiras.com.br\/","name":"Impulsionar Carreiras","description":"","potentialAction":[{"@type":"SearchAction","target":{"@type":"EntryPoint","urlTemplate":"https:\/\/impulsionarcarreiras.com.br\/?s={search_term_string}"},"query-input":"required name=search_term_string"}],"inLanguage":"en-US"},{"@type":"Person","@id":"https:\/\/impulsionarcarreiras.com.br\/#\/schema\/person\/3fbe93881a5e493daad5b31742ae6562","name":"muriloribeiromkt","image":{"@type":"ImageObject","inLanguage":"en-US","@id":"https:\/\/impulsionarcarreiras.com.br\/#\/schema\/person\/image\/","url":"https:\/\/secure.gravatar.com\/avatar\/75109d4c9798fa2193072265bd45f523?s=96&d=mm&r=g","contentUrl":"https:\/\/secure.gravatar.com\/avatar\/75109d4c9798fa2193072265bd45f523?s=96&d=mm&r=g","caption":"muriloribeiromkt"},"sameAs":["https:\/\/impulsionarcarreiras.com.br"],"url":"https:\/\/impulsionarcarreiras.com.br\/index.php\/author\/muriloribeiromkt\/"}]}},"_links":{"self":[{"href":"https:\/\/impulsionarcarreiras.com.br\/index.php\/wp-json\/wp\/v2\/posts\/2823"}],"collection":[{"href":"https:\/\/impulsionarcarreiras.com.br\/index.php\/wp-json\/wp\/v2\/posts"}],"about":[{"href":"https:\/\/impulsionarcarreiras.com.br\/index.php\/wp-json\/wp\/v2\/types\/post"}],"author":[{"embeddable":true,"href":"https:\/\/impulsionarcarreiras.com.br\/index.php\/wp-json\/wp\/v2\/users\/1"}],"replies":[{"embeddable":true,"href":"https:\/\/impulsionarcarreiras.com.br\/index.php\/wp-json\/wp\/v2\/comments?post=2823"}],"version-history":[{"count":11,"href":"https:\/\/impulsionarcarreiras.com.br\/index.php\/wp-json\/wp\/v2\/posts\/2823\/revisions"}],"predecessor-version":[{"id":2839,"href":"https:\/\/impulsionarcarreiras.com.br\/index.php\/wp-json\/wp\/v2\/posts\/2823\/revisions\/2839"}],"wp:featuredmedia":[{"embeddable":true,"href":"https:\/\/impulsionarcarreiras.com.br\/index.php\/wp-json\/wp\/v2\/media\/2825"}],"wp:attachment":[{"href":"https:\/\/impulsionarcarreiras.com.br\/index.php\/wp-json\/wp\/v2\/media?parent=2823"}],"wp:term":[{"taxonomy":"category","embeddable":true,"href":"https:\/\/impulsionarcarreiras.com.br\/index.php\/wp-json\/wp\/v2\/categories?post=2823"},{"taxonomy":"post_tag","embeddable":true,"href":"https:\/\/impulsionarcarreiras.com.br\/index.php\/wp-json\/wp\/v2\/tags?post=2823"}],"curies":[{"name":"wp","href":"https:\/\/api.w.org\/{rel}","templated":true}]}}